{"id":38287,"date":"2023-07-26T13:10:59","date_gmt":"2023-07-26T11:10:59","guid":{"rendered":"https:\/\/www.firstattribute.com\/?p=38287"},"modified":"2025-09-05T11:32:26","modified_gmt":"2025-09-05T09:32:26","slug":"die-zukunft-von-active-directory-welchen-weg-nimmt-das-ad","status":"publish","type":"post","link":"https:\/\/www.firstattribute.com\/de\/news\/die-zukunft-von-active-directory-welchen-weg-nimmt-das-ad\/","title":{"rendered":"Die Zukunft von Active Directory: Welchen Weg nimmt das AD?"},"content":{"rendered":"<p>Immer mehr Unternehmen setzen auf Dienste in der Cloud, zum Beispiel in Microsoft Azure. Zur Authentifizierung und Absicherung wird dabei das Azure AD verwendet. In diesem Zusammenhang stellt sich die Frage, wie es um die Zukunft des Active Directory On-Premises bestellt ist.<\/p>\n<p>Vorab: Hier muss sich derzeit niemand Sorgen machen. Microsoft plant nicht, das Active Directory abzuschaffen. Das w\u00e4re auch nicht so einfach m\u00f6glich.<\/p>\n<p>Die Struktur von Azure AD unterscheidet sich deutlich von der Struktur lokaler AD-Umgebungen. Azure AD setzt vor allem auf Security Assertion Markup Language\/SAML und Open Authorization. Zur Best\u00e4tigung der Identit\u00e4t unterst\u00fctzt Azure AD verschiedene MFA-Methoden. Dazu geh\u00f6ren die Microsoft Authenticator App, OAuth Tokens oder FIDO2 Security Keys. Lokal betriebene und \u00e4ltere Anwendungen k\u00f6nnen damit oft nicht umgehen. <strong>Aus diesem Grund ist ein lokales AD in vielen Umgebungen aktuell kaum wegzudenken.<\/strong>\u00a0<\/p>\n<div id=\"ez-toc-container\" class=\"ez-toc-v2_0_82_2 counter-hierarchy ez-toc-counter ez-toc-custom ez-toc-container-direction\">\n<div class=\"ez-toc-title-container\">\n<p class=\"ez-toc-title\" style=\"cursor:inherit\">Index<\/p>\n<span class=\"ez-toc-title-toggle\"><\/span><\/div>\n<nav><ul class='ez-toc-list ez-toc-list-level-1 ' ><li class='ez-toc-page-1 ez-toc-heading-level-2'><a class=\"ez-toc-link ez-toc-heading-1\" href=\"https:\/\/www.firstattribute.com\/de\/news\/die-zukunft-von-active-directory-welchen-weg-nimmt-das-ad\/#Deshalb-wird-uns-Active-Directory-noch-lange-erhalten-bleiben\" >Deshalb wird uns Active Directory noch lange erhalten bleiben<\/a><ul class='ez-toc-list-level-3' ><li class='ez-toc-heading-level-3'><a class=\"ez-toc-link ez-toc-heading-2\" href=\"https:\/\/www.firstattribute.com\/de\/news\/die-zukunft-von-active-directory-welchen-weg-nimmt-das-ad\/#LDAP-NTLM-und-Kerberos\" >LDAP, NTLM und Kerberos<\/a><\/li><li class='ez-toc-page-1 ez-toc-heading-level-3'><a class=\"ez-toc-link ez-toc-heading-3\" href=\"https:\/\/www.firstattribute.com\/de\/news\/die-zukunft-von-active-directory-welchen-weg-nimmt-das-ad\/#Windows-Server-Support\" >Windows Server Support<\/a><\/li><\/ul><\/li><li class='ez-toc-page-1 ez-toc-heading-level-2'><a class=\"ez-toc-link ez-toc-heading-4\" href=\"https:\/\/www.firstattribute.com\/de\/news\/die-zukunft-von-active-directory-welchen-weg-nimmt-das-ad\/#Active-Directory-und-Azure-Active-Directory-Staerken-auf-beiden-Seiten\" >Active Directory und Azure Active Directory: St\u00e4rken auf beiden Seiten<\/a><ul class='ez-toc-list-level-3' ><li class='ez-toc-heading-level-3'><a class=\"ez-toc-link ez-toc-heading-5\" href=\"https:\/\/www.firstattribute.com\/de\/news\/die-zukunft-von-active-directory-welchen-weg-nimmt-das-ad\/#Stark-in-der-Kombination\" >Stark in der Kombination<\/a><\/li><li class='ez-toc-page-1 ez-toc-heading-level-3'><a class=\"ez-toc-link ez-toc-heading-6\" href=\"https:\/\/www.firstattribute.com\/de\/news\/die-zukunft-von-active-directory-welchen-weg-nimmt-das-ad\/#Ohne-Cloud-Anwendungen-auch-kein-Azure-AD\" >Ohne Cloud Anwendungen auch kein Azure AD<\/a><\/li><li class='ez-toc-page-1 ez-toc-heading-level-3'><a class=\"ez-toc-link ez-toc-heading-7\" href=\"https:\/\/www.firstattribute.com\/de\/news\/die-zukunft-von-active-directory-welchen-weg-nimmt-das-ad\/#Geeignete-Software-Loesungen-fuer-hybride-IT-Welt\" >Geeignete Software-L\u00f6sungen f\u00fcr hybride IT-Welt<\/a><\/li><\/ul><\/li><li class='ez-toc-page-1 ez-toc-heading-level-2'><a class=\"ez-toc-link ez-toc-heading-8\" href=\"https:\/\/www.firstattribute.com\/de\/news\/die-zukunft-von-active-directory-welchen-weg-nimmt-das-ad\/#Wohin-wird-sich-Active-Directory-in-Zukunft-entwickeln\" >Wohin wird sich Active Directory in Zukunft entwickeln?<\/a><\/li><li class='ez-toc-page-1 ez-toc-heading-level-2'><a class=\"ez-toc-link ez-toc-heading-9\" href=\"https:\/\/www.firstattribute.com\/de\/news\/die-zukunft-von-active-directory-welchen-weg-nimmt-das-ad\/#Neue-Funktionen-im-Active-Directory-sind-derzeit-nicht-verfuegbar\" >Neue Funktionen im Active Directory sind derzeit nicht verf\u00fcgbar<\/a><\/li><li class='ez-toc-page-1 ez-toc-heading-level-2'><a class=\"ez-toc-link ez-toc-heading-10\" href=\"https:\/\/www.firstattribute.com\/de\/news\/die-zukunft-von-active-directory-welchen-weg-nimmt-das-ad\/#Azure-AD-Domain-Services-bringen-das-Active-Directory-in-die-Cloud\" >Azure AD Domain Services bringen das Active Directory in die Cloud<\/a><\/li><li class='ez-toc-page-1 ez-toc-heading-level-2'><a class=\"ez-toc-link ez-toc-heading-11\" href=\"https:\/\/www.firstattribute.com\/de\/news\/die-zukunft-von-active-directory-welchen-weg-nimmt-das-ad\/#Fazit\" >Fazit<\/a><\/li><li class='ez-toc-page-1 ez-toc-heading-level-2'><a class=\"ez-toc-link ez-toc-heading-12\" href=\"https:\/\/www.firstattribute.com\/de\/news\/die-zukunft-von-active-directory-welchen-weg-nimmt-das-ad\/#Ueber-die-FirstAttribute-AG\" >\u00dcber die FirstAttribute AG<\/a><\/li><\/ul><\/nav><\/div>\n\n<h2><span class=\"ez-toc-section\" id=\"Deshalb-wird-uns-Active-Directory-noch-lange-erhalten-bleiben\"><\/span>Deshalb wird uns Active Directory noch lange erhalten bleiben<span class=\"ez-toc-section-end\"><\/span><\/h2>\n<p>Es gibt funktionale Gr\u00fcnde, die Active Directory auch in Zukunft notwendig machen. Aber auch Windows Server wird sich weiterentwickeln.<\/p>\n<h3><span class=\"ez-toc-section\" id=\"LDAP-NTLM-und-Kerberos\"><\/span>LDAP, NTLM und Kerberos<span class=\"ez-toc-section-end\"><\/span><\/h3>\n<p>Zun\u00e4chst gibt es viele Unternehmen, die nicht vorhaben, alle Dienste auf Azure oder Microsoft 365 zu migrieren. Hier wird weiterhin ein lokales Active Directory ben\u00f6tigt, da die lokale Authentifizierung von Ressourcen mit Azure AD nicht m\u00f6glich ist. Wenn eine Legacy-Anwendung Zugriff auf LDAP, NTLM oder Kerberos ben\u00f6tigt, scheidet Azure AD aus. Nat\u00fcrlich ist NT-LAN-Manager (NTLM) etwas veraltet und unsicher. Das \u00e4ndert aber nichts daran, dass Legacy-Anwendungen dieses Protokoll teilweise noch ben\u00f6tigen. Es gibt aber noch viel mehr Gr\u00fcnde, warum uns On-Premises AD noch eine Weile begleiten wird.<\/p>\n<h3><span class=\"ez-toc-section\" id=\"Windows-Server-Support\"><\/span>Windows Server Support<span class=\"ez-toc-section-end\"><\/span><\/h3>\n<p>Auch im Nachfolger von Windows Server 2022 mit der aktuellen Bezeichnung Windows Server vNext ist Active Directory noch enthalten und nicht als &#8222;veraltet&#8220; gekennzeichnet. Da diese Version voraussichtlich 2024 oder 2025 erscheinen wird und mindestens drei Jahre Support (plus Extended Support) erh\u00e4lt, ist davon auszugehen, dass Active Directory noch bis mindestens 2030, wahrscheinlich sogar deutlich l\u00e4nger, Bestandteil von Windows-Servern sein wird. Schon allein aus diesen Gr\u00fcnden ist On-Premises AD keine Sackgasse.<\/p>\n<p>Sollte Active Directory irgendwann von Microsoft abgek\u00fcndigt werden, dann wird Redmond das AD fr\u00fchestens im Nachfolger von Windows Server vNext als &#8222;veraltet&#8220; markieren. Ein Ende der lokalen AD-Umgebungen ist also derzeit nicht in Sicht.<\/p>\n<h2><span class=\"ez-toc-section\" id=\"Active-Directory-und-Azure-Active-Directory-Staerken-auf-beiden-Seiten\"><\/span>Active Directory und Azure Active Directory: St\u00e4rken auf beiden Seiten<span class=\"ez-toc-section-end\"><\/span><\/h2>\n<p>Azure AD hat nicht die Aufgabe, lokale AD-Umgebungen zu ersetzen, sondern soll die M\u00f6glichkeit schaffen, lokale AD-Umgebungen in die Cloud zu erweitern. Es gibt zahlreiche M\u00f6glichkeiten und Tools, AD-Benutzer mit Azure AD zu synchronisieren, so dass Single-Sign-On-Szenarien (SSO) in Netzwerken mit Cloud-Nutzung die Zusammenarbeit von AD und Azure AD erm\u00f6glichen. Die beiden Verzeichnisdienste sind also keine Konkurrenten, sondern ein Team mit St\u00e4rken auf allen Seiten.<\/p>\n<h3><span class=\"ez-toc-section\" id=\"Stark-in-der-Kombination\"><\/span>Stark in der Kombination<span class=\"ez-toc-section-end\"><\/span><\/h3>\n<p>In der Cloud bietet Azure AD einen echten Mehrwert und maximale Sicherheit f\u00fcr Cloud-Dienste. Im lokalen Rechenzentrum kann das Active Directory optimal zur Absicherung herk\u00f6mmlicher Anwendungen genutzt werden. Durch Synchronisation und <a href=\"https:\/\/www.active-directory-faq.de\/2021\/05\/azure-ad-connect-und-azure-ad-connect-cloud-sync\/\" target=\"_blank\" rel=\"noopener\">Azure AD Connect<\/a> lassen sich beide Welten miteinander verbinden. So k\u00f6nnen Unternehmen selbst entscheiden, wo sie Dienste betreiben wollen. <strong>Die beiden Welten arbeiten bereits jetzt gut zusammen und werden in Zukunft wahrscheinlich noch st\u00e4rker zusammenwachsen.<\/strong><\/p>\n<div id=\"attachment_38303\" style=\"width: 510px\" class=\"wp-caption aligncenter\"><img decoding=\"async\" aria-describedby=\"caption-attachment-38303\" class=\"wp-image-38303\" title=\"Zukunft von Active Directory\" src=\"https:\/\/www.firstattribute.com\/wp-content\/uploads\/2023\/07\/Zusammenwachsen-von-AD-und-Azure-AD-300x139.png\" alt=\"Zukunft von AD\" width=\"500\" height=\"232\" srcset=\"https:\/\/www.firstattribute.com\/wp-content\/uploads\/2023\/07\/Zusammenwachsen-von-AD-und-Azure-AD-300x139.png 300w, https:\/\/www.firstattribute.com\/wp-content\/uploads\/2023\/07\/Zusammenwachsen-von-AD-und-Azure-AD-1024x474.png 1024w, https:\/\/www.firstattribute.com\/wp-content\/uploads\/2023\/07\/Zusammenwachsen-von-AD-und-Azure-AD-768x356.png 768w, https:\/\/www.firstattribute.com\/wp-content\/uploads\/2023\/07\/Zusammenwachsen-von-AD-und-Azure-AD-1536x711.png 1536w, https:\/\/www.firstattribute.com\/wp-content\/uploads\/2023\/07\/Zusammenwachsen-von-AD-und-Azure-AD-2048x949.png 2048w\" sizes=\"(max-width: 500px) 100vw, 500px\" \/><p id=\"caption-attachment-38303\" class=\"wp-caption-text\">Zusammenwachsen von Active Directory und Azure AD<\/p><\/div>\n<h3><span class=\"ez-toc-section\" id=\"Ohne-Cloud-Anwendungen-auch-kein-Azure-AD\"><\/span>Ohne Cloud Anwendungen auch kein Azure AD<span class=\"ez-toc-section-end\"><\/span><\/h3>\n<p>Das bedeutet aber nicht, dass Unternehmen, die auf AD setzen, auch Azure AD einsetzen m\u00fcssen. Hier macht der Einsatz nur Sinn, wenn auch Cloud-Ressourcen in Azure genutzt werden sollen. AD funktioniert auch ohne Azure AD problemlos.<\/p>\n<p>Setzt ein Unternehmen jedoch auf Ressourcen in Azure, wird h\u00e4ufig auch lokal ein AD eingesetzt. In diesem Fall kann es sinnvoll sein, die beiden Verzeichnisdienste miteinander zu verbinden. Denn so k\u00f6nnen sich Benutzer in SSO-Szenarien mit ihrem AD-Konto an ihrem Arbeitsplatz anmelden und \u00fcber die AD-Synchronisation mit Azure auf Ressourcen in Azure zugreifen, ohne sich erneut authentifizieren zu m\u00fcssen.<\/p>\n<h3><span class=\"ez-toc-section\" id=\"Geeignete-Software-Loesungen-fuer-hybride-IT-Welt\"><\/span>Geeignete Software-L\u00f6sungen f\u00fcr hybride IT-Welt<span class=\"ez-toc-section-end\"><\/span><\/h3>\n<p>Die FirstAttribute bietet ein Portfolio an Software-L\u00f6sungen an, um die Verwaltung von Identit\u00e4ten in lokalen AD-Umgebungen und in der Cloud effizient zu gestalten.<\/p>\n<p>Das <a href=\"https:\/\/www.firstware.com\/de\/\" target=\"_blank\" rel=\"noopener\">FirstWare IDM-Portal<\/a> ist eine IAM-L\u00f6sung zur automatisierten Benutzer- und Berechtigungsverwaltung, sowohl On-Premises als auch in der Cloud. Es vereint alle Aspekte des Identity und Access Managements in einem Portal und greift zentral auf Identit\u00e4ts- und Verzeichnisdienste zu.<\/p>\n<p>Die <a href=\"https:\/\/my-iam.com\/de\/\" target=\"_blank\" rel=\"noopener\">my-IAM Cloud Identity Management Plattform<\/a> konzentriert sich auf die Zusammenf\u00fchrung und Verwaltung aller internen und externen Identit\u00e4ten durch in Microsoft Teams integrierte Apps, wie <a href=\"https:\/\/my-iam.com\/de\/peopleconnect\/\" target=\"_blank\" rel=\"noopener\">my-IAM PeopleConnect.<\/a><\/p>\n<p><a href=\"https:\/\/www.firstattribute.com\/unternehmen\/kontakt\/\" target=\"_blank\" rel=\"noopener\"><button class=\"ButtonBeratung aligncenter\">IAM-L\u00f6sungen kennenlernen<\/button><\/a><\/p>\n<h2><span class=\"ez-toc-section\" id=\"Wohin-wird-sich-Active-Directory-in-Zukunft-entwickeln\"><\/span>Wohin wird sich Active Directory in Zukunft entwickeln?<span class=\"ez-toc-section-end\"><\/span><\/h2>\n<p><strong>Azure AD wird sich in Zukunft mehr in Richtung Active Directory \u00f6ffnen.<\/strong> \u00dcber Managementl\u00f6sungen wie das Windows Admin Center sollen Azure-Ressourcen mehr in lokale AD-Umgebungen integriert werden k\u00f6nnen. Beispiele hierf\u00fcr sind die:<\/p>\n<ul>\n<li>Sicherung lokaler Daten mit Azure Backup<\/li>\n<li>Synchronisation lokaler Hyper-V VMs in die Cloud zur Verbesserung der Hochverf\u00fcgbarkeit.<\/li>\n<\/ul>\n<p>Gleichzeitig k\u00f6nnen mit Azure Arc lokale Server an Azure angebunden werden, um diese beispielsweise mit Azure Monitor zu \u00fcberwachen oder lokale Server aus der Cloud zu administrieren, ohne ein VPN aufbauen zu m\u00fcssen. Auch hier kommt das Windows Admin Center zum Einsatz.<\/p>\n<p>AD und Azure AD wachsen also dort zusammen, wo es gew\u00fcnscht ist. Lokale AD-Umgebungen k\u00f6nnen aber auch ohne Azure problemlos weiter genutzt werden. Mit Azure Stack HCI bietet Microsoft aktuell die M\u00f6glichkeit, Azure-Ressourcen wie VMs in lokalen Rechenzentren zu betreiben und mit Azure-Technologien abzusichern und zu erweitern.<\/p>\n<p><strong>On-Premises und Cloud wachsen also eher zusammen. Es sieht derzeit nicht so aus, als ob in Zukunft alle Ressourcen in der Cloud laufen k\u00f6nnen und sollen.<\/strong><\/p>\n<h2><span class=\"ez-toc-section\" id=\"Neue-Funktionen-im-Active-Directory-sind-derzeit-nicht-verfuegbar\"><\/span>Neue Funktionen im Active Directory sind derzeit nicht verf\u00fcgbar<span class=\"ez-toc-section-end\"><\/span><\/h2>\n<p>Bereits seit Windows Server 2016 gibt es keine nennenswerten Neuerungen f\u00fcr Active Directory. Dies ist auch der Grund, warum es in Windows Server 2022 und aktuell auch in Windows Server vNext keine neueren Betriebsmodi als Windows Server 2016 f\u00fcr Active Directory gibt. Derzeit sieht Microsoft daher keine Notwendigkeit, die Funktionalit\u00e4t des Active Directory weiter auszubauen, und dies ist derzeit auch nicht notwendig. Es sind alle relevanten Funktionen bereits integriert und eine umfassende Anpassung von AD ist schlicht und ergreifend nicht sinnvoll. Dazu kommt dann parallel Azure AD zum Einsatz, wenn die Authentifizierung in die Cloud ausgedehnt werden soll.\u00a0<\/p>\n<h2><span class=\"ez-toc-section\" id=\"Azure-AD-Domain-Services-bringen-das-Active-Directory-in-die-Cloud\"><\/span>Azure AD Domain Services bringen das Active Directory in die Cloud<span class=\"ez-toc-section-end\"><\/span><\/h2>\n<p><img decoding=\"async\" class=\"alignleft wp-image-38300 size-medium\" title=\"Azure AD Domain Services\" src=\"https:\/\/www.firstattribute.com\/wp-content\/uploads\/2023\/07\/Azure-AD-Domain-Services-300x243.png\" alt=\"AAD Domain Services\" width=\"300\" height=\"243\" srcset=\"https:\/\/www.firstattribute.com\/wp-content\/uploads\/2023\/07\/Azure-AD-Domain-Services-300x243.png 300w, https:\/\/www.firstattribute.com\/wp-content\/uploads\/2023\/07\/Azure-AD-Domain-Services-1024x830.png 1024w, https:\/\/www.firstattribute.com\/wp-content\/uploads\/2023\/07\/Azure-AD-Domain-Services-768x622.png 768w, https:\/\/www.firstattribute.com\/wp-content\/uploads\/2023\/07\/Azure-AD-Domain-Services.png 1344w\" sizes=\"(max-width: 300px) 100vw, 300px\" \/>Mit den Azure AD Domain Services bietet Microsoft einen vollst\u00e4ndig verwalteten Dienst f\u00fcr das Active Directory in Azure AD an. <br \/>\nDamit k\u00f6nnen viele (aber nicht alle) Funktionen von Active Directory parallel zu Azure AD auch in der Cloud genutzt werden.<\/p>\n<p>Dies zeigt auch, dass Microsoft noch viel Potenzial in Active Directory sieht, denn die Entwicklung eines solchen Cloud-Dienstes ist nat\u00fcrlich mit viel Aufwand verbunden.<\/p>\n<p>Azure AD Domain Services unterst\u00fctzen jedoch keine Vertrauensstellungen, Organisationseinheiten oder die Erweiterung und Anpassung des Active Directory Schemas. Zudem k\u00f6nnen Administratoren viele Einstellungen in der Umgebung nicht selbst verwalten. Dazu geh\u00f6ren die Kontrolle:<\/p>\n<ul>\n<li>\u00fcber den verwendeten Betriebsmodus,<\/li>\n<li>den globalen Katalog und<\/li>\n<li>die verschiedenen Betriebsmasterrollen.<\/li>\n<\/ul>\n<p>Allerdings gibt es zumindest eingeschr\u00e4nkte Gruppenrichtlinien.<\/p>\n<h2><span class=\"ez-toc-section\" id=\"Fazit\"><\/span>Fazit<span class=\"ez-toc-section-end\"><\/span><\/h2>\n<p>Die Struktur von Azure AD ist nicht f\u00fcr alle Anwendungsf\u00e4lle geeignet.\u00a0Active Directory erlaubt eine viel tiefere Struktur als Azure AD. Unternehmen, die mehrere Dom\u00e4nen, Strukturen (Trees) und Gesamtstrukturen (Forests) ben\u00f6tigen, setzen auf AD, da Azure AD eine flache Struktur ohne diese M\u00f6glichkeiten hat. Aus diesem Grund befinden sich in Azure AD alle Accounts in der gleichen Dom\u00e4ne.<\/p>\n<p><strong>All dies zeigt, dass Azure AD kein AD der n\u00e4chsten Generation ist, sondern ein anderer Ansatz, der f\u00fcr den Einsatz in der Cloud entwickelt wurde.<\/strong> Unternehmen, die weiterhin Ressourcen im eigenen Rechenzentrum betreiben, werden daher auch in Zukunft auf On-Premises AD setzen und Azure AD parallel als Erg\u00e4nzung f\u00fcr die Authentifizierung in der Cloud nutzen. Daran \u00e4ndert sich in den n\u00e4chsten Jahren nicht viel, sodass Active Directory auch in Zukunft eine wichtige Basis f\u00fcr Netzwerk sein wird.<\/p>\n<h2><span class=\"ez-toc-section\" id=\"Ueber-die-FirstAttribute-AG\"><\/span>\u00dcber die FirstAttribute AG<span class=\"ez-toc-section-end\"><\/span><\/h2>\n<p>Die FirstAttribute AG ist ein unabh\u00e4ngiges deutsches Cloud Service- und Software-Unternehmen mit Schwerpunkt Identity &amp; Access Management (IAM) f\u00fcr AD und M365\/Azure AD.<\/p>\n<p>Alles Wissenswerte \u00fcber unsere Software-L\u00f6sungen und Leistungen erfahren Sie <a href=\"https:\/\/www.firstattribute.com\/\" target=\"_blank\" rel=\"noopener\">hier<\/a>. Kontaktieren Sie uns, wenn Sie Ihr Identit\u00e4ts- und Berechtigungsmanagement auf den aktuellen Stand bringen wollen und in einer hybriden IT-Welt nach einer ma\u00dfgeschneiderten IAM-L\u00f6sung suchen.<\/p>\n<p><a href=\"https:\/\/www.firstattribute.com\/unternehmen\/kontakt\/\" target=\"_blank\" rel=\"noopener\"><button class=\"ButtonBeratung aligncenter\">Jetzt kontaktieren<\/button><\/a><\/p>\n<p>&nbsp;<\/p>\n","protected":false},"excerpt":{"rendered":"<p>Immer mehr Unternehmen setzen auf Dienste in der Cloud, zum Beispiel in Microsoft Azure. Zur Authentifizierung und Absicherung wird dabei [&hellip;]<\/p>\n","protected":false},"author":22,"featured_media":0,"comment_status":"closed","ping_status":"closed","sticky":false,"template":"","format":"standard","meta":{"_monsterinsights_skip_tracking":false,"_monsterinsights_sitenote_active":false,"_monsterinsights_sitenote_note":"","_monsterinsights_sitenote_category":0,"footnotes":""},"categories":[1],"tags":[200,3370,3372,173,3373,3369,3371],"class_list":["post-38287","post","type-post","status-publish","format-standard","hentry","category-neuigkeiten","tag-active-directory","tag-ad","tag-azure-ad-domain-services","tag-cloud","tag-lokale-ad-umgebungen","tag-on-premises","tag-on-premises-ad"],"yoast_head":"<!-- This site is optimized with the Yoast SEO plugin v27.5 - https:\/\/yoast.com\/product\/yoast-seo-wordpress\/ -->\n<title>Die Zukunft von Active Directory: Welchen Weg nimmt das AD?<\/title>\n<meta name=\"description\" content=\"Wie sieht die Zukunft von Active Directory aus: ein Blick auf aktuelle Trends und das Zusammenwachsen von On-Premises- und Cloud-Umgebungen.\" \/>\n<meta name=\"robots\" content=\"index, follow, max-snippet:-1, max-image-preview:large, max-video-preview:-1\" \/>\n<link rel=\"canonical\" href=\"https:\/\/www.firstattribute.com\/de\/news\/die-zukunft-von-active-directory-welchen-weg-nimmt-das-ad\/\" \/>\n<meta property=\"og:locale\" content=\"de_DE\" \/>\n<meta property=\"og:type\" content=\"article\" \/>\n<meta property=\"og:title\" content=\"Die Zukunft von Active Directory: Welchen Weg nimmt das AD?\" \/>\n<meta property=\"og:description\" content=\"Wie sieht die Zukunft von Active Directory aus: ein Blick auf aktuelle Trends und das Zusammenwachsen von On-Premises- und Cloud-Umgebungen.\" \/>\n<meta property=\"og:url\" content=\"https:\/\/www.firstattribute.com\/de\/news\/die-zukunft-von-active-directory-welchen-weg-nimmt-das-ad\/\" \/>\n<meta property=\"og:site_name\" content=\"FirstAttribute AG\" \/>\n<meta property=\"article:published_time\" content=\"2023-07-26T11:10:59+00:00\" \/>\n<meta property=\"article:modified_time\" content=\"2025-09-05T09:32:26+00:00\" \/>\n<meta property=\"og:image\" content=\"https:\/\/www.firstattribute.com\/wp-content\/uploads\/2023\/07\/Zusammenwachsen-von-AD-und-Azure-AD.png\" \/>\n\t<meta property=\"og:image:width\" content=\"2375\" \/>\n\t<meta property=\"og:image:height\" content=\"1100\" \/>\n\t<meta property=\"og:image:type\" content=\"image\/png\" \/>\n<meta name=\"author\" content=\"Sophia Tunui\" \/>\n<meta name=\"twitter:label1\" content=\"Verfasst von\" \/>\n\t<meta name=\"twitter:data1\" content=\"Sophia Tunui\" \/>\n\t<meta name=\"twitter:label2\" content=\"Gesch\u00e4tzte Lesezeit\" \/>\n\t<meta name=\"twitter:data2\" content=\"8\u00a0Minuten\" \/>\n<script type=\"application\/ld+json\" class=\"yoast-schema-graph\">{\"@context\":\"https:\\\/\\\/schema.org\",\"@graph\":[{\"@type\":\"Article\",\"@id\":\"https:\\\/\\\/www.firstattribute.com\\\/de\\\/news\\\/die-zukunft-von-active-directory-welchen-weg-nimmt-das-ad\\\/#article\",\"isPartOf\":{\"@id\":\"https:\\\/\\\/www.firstattribute.com\\\/de\\\/news\\\/die-zukunft-von-active-directory-welchen-weg-nimmt-das-ad\\\/\"},\"author\":{\"name\":\"Sophia Tunui\",\"@id\":\"https:\\\/\\\/www.firstattribute.com\\\/de\\\/#\\\/schema\\\/person\\\/0eba423dafd283d465f02a0612241c59\"},\"headline\":\"Die Zukunft von Active Directory: Welchen Weg nimmt das AD?\",\"datePublished\":\"2023-07-26T11:10:59+00:00\",\"dateModified\":\"2025-09-05T09:32:26+00:00\",\"mainEntityOfPage\":{\"@id\":\"https:\\\/\\\/www.firstattribute.com\\\/de\\\/news\\\/die-zukunft-von-active-directory-welchen-weg-nimmt-das-ad\\\/\"},\"wordCount\":1409,\"publisher\":{\"@id\":\"https:\\\/\\\/www.firstattribute.com\\\/de\\\/#organization\"},\"image\":{\"@id\":\"https:\\\/\\\/www.firstattribute.com\\\/de\\\/news\\\/die-zukunft-von-active-directory-welchen-weg-nimmt-das-ad\\\/#primaryimage\"},\"thumbnailUrl\":\"https:\\\/\\\/www.firstattribute.com\\\/wp-content\\\/uploads\\\/2023\\\/07\\\/Zusammenwachsen-von-AD-und-Azure-AD-300x139.png\",\"keywords\":[\"Active Directory\",\"AD\",\"Azure AD Domain Services\",\"Cloud\",\"lokale AD-Umgebungen\",\"On-Premises\",\"On-Premises AD\"],\"articleSection\":[\"News\"],\"inLanguage\":\"de\"},{\"@type\":\"WebPage\",\"@id\":\"https:\\\/\\\/www.firstattribute.com\\\/de\\\/news\\\/die-zukunft-von-active-directory-welchen-weg-nimmt-das-ad\\\/\",\"url\":\"https:\\\/\\\/www.firstattribute.com\\\/de\\\/news\\\/die-zukunft-von-active-directory-welchen-weg-nimmt-das-ad\\\/\",\"name\":\"Die Zukunft von Active Directory: Welchen Weg nimmt das AD?\",\"isPartOf\":{\"@id\":\"https:\\\/\\\/www.firstattribute.com\\\/de\\\/#website\"},\"primaryImageOfPage\":{\"@id\":\"https:\\\/\\\/www.firstattribute.com\\\/de\\\/news\\\/die-zukunft-von-active-directory-welchen-weg-nimmt-das-ad\\\/#primaryimage\"},\"image\":{\"@id\":\"https:\\\/\\\/www.firstattribute.com\\\/de\\\/news\\\/die-zukunft-von-active-directory-welchen-weg-nimmt-das-ad\\\/#primaryimage\"},\"thumbnailUrl\":\"https:\\\/\\\/www.firstattribute.com\\\/wp-content\\\/uploads\\\/2023\\\/07\\\/Zusammenwachsen-von-AD-und-Azure-AD-300x139.png\",\"datePublished\":\"2023-07-26T11:10:59+00:00\",\"dateModified\":\"2025-09-05T09:32:26+00:00\",\"description\":\"Wie sieht die Zukunft von Active Directory aus: ein Blick auf aktuelle Trends und das Zusammenwachsen von On-Premises- und Cloud-Umgebungen.\",\"breadcrumb\":{\"@id\":\"https:\\\/\\\/www.firstattribute.com\\\/de\\\/news\\\/die-zukunft-von-active-directory-welchen-weg-nimmt-das-ad\\\/#breadcrumb\"},\"inLanguage\":\"de\",\"potentialAction\":[{\"@type\":\"ReadAction\",\"target\":[\"https:\\\/\\\/www.firstattribute.com\\\/de\\\/news\\\/die-zukunft-von-active-directory-welchen-weg-nimmt-das-ad\\\/\"]}]},{\"@type\":\"ImageObject\",\"inLanguage\":\"de\",\"@id\":\"https:\\\/\\\/www.firstattribute.com\\\/de\\\/news\\\/die-zukunft-von-active-directory-welchen-weg-nimmt-das-ad\\\/#primaryimage\",\"url\":\"https:\\\/\\\/www.firstattribute.com\\\/wp-content\\\/uploads\\\/2023\\\/07\\\/Zusammenwachsen-von-AD-und-Azure-AD-300x139.png\",\"contentUrl\":\"https:\\\/\\\/www.firstattribute.com\\\/wp-content\\\/uploads\\\/2023\\\/07\\\/Zusammenwachsen-von-AD-und-Azure-AD-300x139.png\"},{\"@type\":\"BreadcrumbList\",\"@id\":\"https:\\\/\\\/www.firstattribute.com\\\/de\\\/news\\\/die-zukunft-von-active-directory-welchen-weg-nimmt-das-ad\\\/#breadcrumb\",\"itemListElement\":[{\"@type\":\"ListItem\",\"position\":1,\"name\":\"Startseite\",\"item\":\"https:\\\/\\\/www.firstattribute.com\\\/de\\\/\"},{\"@type\":\"ListItem\",\"position\":2,\"name\":\"Die Zukunft von Active Directory: Welchen Weg nimmt das AD?\"}]},{\"@type\":\"WebSite\",\"@id\":\"https:\\\/\\\/www.firstattribute.com\\\/de\\\/#website\",\"url\":\"https:\\\/\\\/www.firstattribute.com\\\/de\\\/\",\"name\":\"FirstAttribute AG\",\"description\":\"IAM Software &amp; Cloud Services\",\"publisher\":{\"@id\":\"https:\\\/\\\/www.firstattribute.com\\\/de\\\/#organization\"},\"potentialAction\":[{\"@type\":\"SearchAction\",\"target\":{\"@type\":\"EntryPoint\",\"urlTemplate\":\"https:\\\/\\\/www.firstattribute.com\\\/de\\\/?s={search_term_string}\"},\"query-input\":{\"@type\":\"PropertyValueSpecification\",\"valueRequired\":true,\"valueName\":\"search_term_string\"}}],\"inLanguage\":\"de\"},{\"@type\":\"Organization\",\"@id\":\"https:\\\/\\\/www.firstattribute.com\\\/de\\\/#organization\",\"name\":\"FirstAttribute AG\",\"url\":\"https:\\\/\\\/www.firstattribute.com\\\/de\\\/\",\"logo\":{\"@type\":\"ImageObject\",\"inLanguage\":\"de\",\"@id\":\"https:\\\/\\\/www.firstattribute.com\\\/de\\\/#\\\/schema\\\/logo\\\/image\\\/\",\"url\":\"https:\\\/\\\/www.firstattribute.com\\\/wp-content\\\/uploads\\\/2021\\\/01\\\/FIRSTATTRIBUTE-Logo2013-final-700x145px.png\",\"contentUrl\":\"https:\\\/\\\/www.firstattribute.com\\\/wp-content\\\/uploads\\\/2021\\\/01\\\/FIRSTATTRIBUTE-Logo2013-final-700x145px.png\",\"width\":700,\"height\":145,\"caption\":\"FirstAttribute AG\"},\"image\":{\"@id\":\"https:\\\/\\\/www.firstattribute.com\\\/de\\\/#\\\/schema\\\/logo\\\/image\\\/\"}},{\"@type\":\"Person\",\"@id\":\"https:\\\/\\\/www.firstattribute.com\\\/de\\\/#\\\/schema\\\/person\\\/0eba423dafd283d465f02a0612241c59\",\"name\":\"Sophia Tunui\"}]}<\/script>\n<!-- \/ Yoast SEO plugin. -->","yoast_head_json":{"title":"Die Zukunft von Active Directory: Welchen Weg nimmt das AD?","description":"Wie sieht die Zukunft von Active Directory aus: ein Blick auf aktuelle Trends und das Zusammenwachsen von On-Premises- und Cloud-Umgebungen.","robots":{"index":"index","follow":"follow","max-snippet":"max-snippet:-1","max-image-preview":"max-image-preview:large","max-video-preview":"max-video-preview:-1"},"canonical":"https:\/\/www.firstattribute.com\/de\/news\/die-zukunft-von-active-directory-welchen-weg-nimmt-das-ad\/","og_locale":"de_DE","og_type":"article","og_title":"Die Zukunft von Active Directory: Welchen Weg nimmt das AD?","og_description":"Wie sieht die Zukunft von Active Directory aus: ein Blick auf aktuelle Trends und das Zusammenwachsen von On-Premises- und Cloud-Umgebungen.","og_url":"https:\/\/www.firstattribute.com\/de\/news\/die-zukunft-von-active-directory-welchen-weg-nimmt-das-ad\/","og_site_name":"FirstAttribute AG","article_published_time":"2023-07-26T11:10:59+00:00","article_modified_time":"2025-09-05T09:32:26+00:00","og_image":[{"width":2375,"height":1100,"url":"https:\/\/www.firstattribute.com\/wp-content\/uploads\/2023\/07\/Zusammenwachsen-von-AD-und-Azure-AD.png","type":"image\/png"}],"author":"Sophia Tunui","twitter_misc":{"Verfasst von":"Sophia Tunui","Gesch\u00e4tzte Lesezeit":"8\u00a0Minuten"},"schema":{"@context":"https:\/\/schema.org","@graph":[{"@type":"Article","@id":"https:\/\/www.firstattribute.com\/de\/news\/die-zukunft-von-active-directory-welchen-weg-nimmt-das-ad\/#article","isPartOf":{"@id":"https:\/\/www.firstattribute.com\/de\/news\/die-zukunft-von-active-directory-welchen-weg-nimmt-das-ad\/"},"author":{"name":"Sophia Tunui","@id":"https:\/\/www.firstattribute.com\/de\/#\/schema\/person\/0eba423dafd283d465f02a0612241c59"},"headline":"Die Zukunft von Active Directory: Welchen Weg nimmt das AD?","datePublished":"2023-07-26T11:10:59+00:00","dateModified":"2025-09-05T09:32:26+00:00","mainEntityOfPage":{"@id":"https:\/\/www.firstattribute.com\/de\/news\/die-zukunft-von-active-directory-welchen-weg-nimmt-das-ad\/"},"wordCount":1409,"publisher":{"@id":"https:\/\/www.firstattribute.com\/de\/#organization"},"image":{"@id":"https:\/\/www.firstattribute.com\/de\/news\/die-zukunft-von-active-directory-welchen-weg-nimmt-das-ad\/#primaryimage"},"thumbnailUrl":"https:\/\/www.firstattribute.com\/wp-content\/uploads\/2023\/07\/Zusammenwachsen-von-AD-und-Azure-AD-300x139.png","keywords":["Active Directory","AD","Azure AD Domain Services","Cloud","lokale AD-Umgebungen","On-Premises","On-Premises AD"],"articleSection":["News"],"inLanguage":"de"},{"@type":"WebPage","@id":"https:\/\/www.firstattribute.com\/de\/news\/die-zukunft-von-active-directory-welchen-weg-nimmt-das-ad\/","url":"https:\/\/www.firstattribute.com\/de\/news\/die-zukunft-von-active-directory-welchen-weg-nimmt-das-ad\/","name":"Die Zukunft von Active Directory: Welchen Weg nimmt das AD?","isPartOf":{"@id":"https:\/\/www.firstattribute.com\/de\/#website"},"primaryImageOfPage":{"@id":"https:\/\/www.firstattribute.com\/de\/news\/die-zukunft-von-active-directory-welchen-weg-nimmt-das-ad\/#primaryimage"},"image":{"@id":"https:\/\/www.firstattribute.com\/de\/news\/die-zukunft-von-active-directory-welchen-weg-nimmt-das-ad\/#primaryimage"},"thumbnailUrl":"https:\/\/www.firstattribute.com\/wp-content\/uploads\/2023\/07\/Zusammenwachsen-von-AD-und-Azure-AD-300x139.png","datePublished":"2023-07-26T11:10:59+00:00","dateModified":"2025-09-05T09:32:26+00:00","description":"Wie sieht die Zukunft von Active Directory aus: ein Blick auf aktuelle Trends und das Zusammenwachsen von On-Premises- und Cloud-Umgebungen.","breadcrumb":{"@id":"https:\/\/www.firstattribute.com\/de\/news\/die-zukunft-von-active-directory-welchen-weg-nimmt-das-ad\/#breadcrumb"},"inLanguage":"de","potentialAction":[{"@type":"ReadAction","target":["https:\/\/www.firstattribute.com\/de\/news\/die-zukunft-von-active-directory-welchen-weg-nimmt-das-ad\/"]}]},{"@type":"ImageObject","inLanguage":"de","@id":"https:\/\/www.firstattribute.com\/de\/news\/die-zukunft-von-active-directory-welchen-weg-nimmt-das-ad\/#primaryimage","url":"https:\/\/www.firstattribute.com\/wp-content\/uploads\/2023\/07\/Zusammenwachsen-von-AD-und-Azure-AD-300x139.png","contentUrl":"https:\/\/www.firstattribute.com\/wp-content\/uploads\/2023\/07\/Zusammenwachsen-von-AD-und-Azure-AD-300x139.png"},{"@type":"BreadcrumbList","@id":"https:\/\/www.firstattribute.com\/de\/news\/die-zukunft-von-active-directory-welchen-weg-nimmt-das-ad\/#breadcrumb","itemListElement":[{"@type":"ListItem","position":1,"name":"Startseite","item":"https:\/\/www.firstattribute.com\/de\/"},{"@type":"ListItem","position":2,"name":"Die Zukunft von Active Directory: Welchen Weg nimmt das AD?"}]},{"@type":"WebSite","@id":"https:\/\/www.firstattribute.com\/de\/#website","url":"https:\/\/www.firstattribute.com\/de\/","name":"FirstAttribute AG","description":"IAM Software &amp; Cloud Services","publisher":{"@id":"https:\/\/www.firstattribute.com\/de\/#organization"},"potentialAction":[{"@type":"SearchAction","target":{"@type":"EntryPoint","urlTemplate":"https:\/\/www.firstattribute.com\/de\/?s={search_term_string}"},"query-input":{"@type":"PropertyValueSpecification","valueRequired":true,"valueName":"search_term_string"}}],"inLanguage":"de"},{"@type":"Organization","@id":"https:\/\/www.firstattribute.com\/de\/#organization","name":"FirstAttribute AG","url":"https:\/\/www.firstattribute.com\/de\/","logo":{"@type":"ImageObject","inLanguage":"de","@id":"https:\/\/www.firstattribute.com\/de\/#\/schema\/logo\/image\/","url":"https:\/\/www.firstattribute.com\/wp-content\/uploads\/2021\/01\/FIRSTATTRIBUTE-Logo2013-final-700x145px.png","contentUrl":"https:\/\/www.firstattribute.com\/wp-content\/uploads\/2021\/01\/FIRSTATTRIBUTE-Logo2013-final-700x145px.png","width":700,"height":145,"caption":"FirstAttribute AG"},"image":{"@id":"https:\/\/www.firstattribute.com\/de\/#\/schema\/logo\/image\/"}},{"@type":"Person","@id":"https:\/\/www.firstattribute.com\/de\/#\/schema\/person\/0eba423dafd283d465f02a0612241c59","name":"Sophia Tunui"}]}},"_links":{"self":[{"href":"https:\/\/www.firstattribute.com\/de\/wp-json\/wp\/v2\/posts\/38287","targetHints":{"allow":["GET"]}}],"collection":[{"href":"https:\/\/www.firstattribute.com\/de\/wp-json\/wp\/v2\/posts"}],"about":[{"href":"https:\/\/www.firstattribute.com\/de\/wp-json\/wp\/v2\/types\/post"}],"author":[{"embeddable":true,"href":"https:\/\/www.firstattribute.com\/de\/wp-json\/wp\/v2\/users\/22"}],"replies":[{"embeddable":true,"href":"https:\/\/www.firstattribute.com\/de\/wp-json\/wp\/v2\/comments?post=38287"}],"version-history":[{"count":15,"href":"https:\/\/www.firstattribute.com\/de\/wp-json\/wp\/v2\/posts\/38287\/revisions"}],"predecessor-version":[{"id":40086,"href":"https:\/\/www.firstattribute.com\/de\/wp-json\/wp\/v2\/posts\/38287\/revisions\/40086"}],"wp:attachment":[{"href":"https:\/\/www.firstattribute.com\/de\/wp-json\/wp\/v2\/media?parent=38287"}],"wp:term":[{"taxonomy":"category","embeddable":true,"href":"https:\/\/www.firstattribute.com\/de\/wp-json\/wp\/v2\/categories?post=38287"},{"taxonomy":"post_tag","embeddable":true,"href":"https:\/\/www.firstattribute.com\/de\/wp-json\/wp\/v2\/tags?post=38287"}],"curies":[{"name":"wp","href":"https:\/\/api.w.org\/{rel}","templated":true}]}}